{"id":5800,"date":"2019-08-26T14:59:29","date_gmt":"2019-08-26T12:59:29","guid":{"rendered":"https:\/\/www.tourisme-aventure.be\/la-rando-a-velo\/"},"modified":"2024-01-29T11:47:08","modified_gmt":"2024-01-29T10:47:08","slug":"la-rando-a-velo","status":"publish","type":"post","link":"https:\/\/www.tourisme-aventure.be\/en\/la-rando-a-velo\/","title":{"rendered":"The 3 steps in cycling"},"content":{"rendered":"<p><strong>They say you never forget a bike? So, to each his own, let&#8217;s saddle up for an adventure in Wallonia.<\/strong><\/p>\n<p>THE 3 STEPS IN ORGANIZING A BIKE TOUR:<\/p>\n<ul>\n<li>Briefing: Reminder of the traffic regulations and the rules applying in the forest, distribution of equipment and safety gear (helmet, fluorescent waistcoat, etc.), explanation of the route, changes in altitude, possible difficulties, etc.<\/li>\n<li>Ready to go: To each his trail, to each his level. Set off at your own pace and take it easy on your bike.<\/li>\n<li>Take a break &#8230; A nice viewpoint, a spot in the shade or by the water, and then a little refreshment to get you going again.<\/li>\n<\/ul>\n<p>WHAT TO BRING:<\/p>\n<ul>\n<li>Comfortable clothing suited to the weather, closed shoes and plenty of water.<\/li>\n<li>A word of advice: be careful with the weight of your backpack.<\/li>\n<\/ul>\n","protected":false},"excerpt":{"rendered":"<p>They say you never forget a bike? So, to each his own, let&#8217;s saddle up for an adventure in Wallonia. THE 3 STEPS IN ORGANIZING A BIKE TOUR: Briefing: Reminder of the traffic regulations and the rules applying in the forest, distribution of equipment and safety gear (helmet, fluorescent waistcoat, etc.), explanation of the route, [&hellip;]<\/p>\n","protected":false},"author":1,"featured_media":3739,"comment_status":"closed","ping_status":"closed","sticky":false,"template":"","format":"standard","meta":{"_acf_changed":false,"footnotes":""},"categories":[1],"tags":[],"class_list":["post-5800","post","type-post","status-publish","format-standard","has-post-thumbnail","hentry","category-non-classifiee"],"acf":[],"yoast_head":"<!-- This site is optimized with the Yoast SEO plugin v27.5 - https:\/\/yoast.com\/product\/yoast-seo-wordpress\/ -->\n<title>The 3 steps in cycling - Want asbl<\/title>\n<meta name=\"description\" content=\"Il parait que le v\u00e9lo \u00e7a ne s&#039;oublie pas ? \u00c0 chacun sa monture et tous en selle pour l&#039;aventure \u00e0 deux roues en Wallonie.\" \/>\n<meta name=\"robots\" content=\"index, follow, max-snippet:-1, max-image-preview:large, max-video-preview:-1\" \/>\n<link rel=\"canonical\" href=\"https:\/\/www.tourisme-aventure.be\/en\/la-rando-a-velo\/\" \/>\n<meta name=\"twitter:card\" content=\"summary_large_image\" \/>\n<meta name=\"twitter:title\" content=\"The 3 steps in cycling - Want asbl\" \/>\n<meta name=\"twitter:description\" content=\"Il parait que le v\u00e9lo \u00e7a ne s&#039;oublie pas ? \u00c0 chacun sa monture et tous en selle pour l&#039;aventure \u00e0 deux roues en Wallonie.\" \/>\n<meta name=\"twitter:image\" content=\"https:\/\/www.tourisme-aventure.be\/wp-content\/uploads\/2019\/08\/adventure-valley-want-asbl17.jpg\" \/>\n<meta name=\"twitter:label1\" content=\"Written by\" \/>\n\t<meta name=\"twitter:data1\" content=\"lws\" \/>\n\t<meta name=\"twitter:label2\" content=\"Est. reading time\" \/>\n\t<meta name=\"twitter:data2\" content=\"1 minute\" \/>\n<script type=\"application\/ld+json\" class=\"yoast-schema-graph\">{\"@context\":\"https:\\\/\\\/schema.org\",\"@graph\":[{\"@type\":\"Article\",\"@id\":\"https:\\\/\\\/www.tourisme-aventure.be\\\/en\\\/la-rando-a-velo\\\/#article\",\"isPartOf\":{\"@id\":\"https:\\\/\\\/www.tourisme-aventure.be\\\/en\\\/la-rando-a-velo\\\/\"},\"author\":{\"name\":\"lws\",\"@id\":\"https:\\\/\\\/www.tourisme-aventure.be\\\/en\\\/#\\\/schema\\\/person\\\/b6d5e7607dd83c7a97cf5178c058994b\"},\"headline\":\"The 3 steps in cycling\",\"datePublished\":\"2019-08-26T12:59:29+00:00\",\"dateModified\":\"2024-01-29T10:47:08+00:00\",\"mainEntityOfPage\":{\"@id\":\"https:\\\/\\\/www.tourisme-aventure.be\\\/en\\\/la-rando-a-velo\\\/\"},\"wordCount\":140,\"image\":{\"@id\":\"https:\\\/\\\/www.tourisme-aventure.be\\\/en\\\/la-rando-a-velo\\\/#primaryimage\"},\"thumbnailUrl\":\"https:\\\/\\\/www.tourisme-aventure.be\\\/wp-content\\\/uploads\\\/2019\\\/08\\\/adventure-valley-want-asbl17.jpg\",\"articleSection\":[\"Non classifi\u00e9(e)\"],\"inLanguage\":\"en-US\"},{\"@type\":\"WebPage\",\"@id\":\"https:\\\/\\\/www.tourisme-aventure.be\\\/en\\\/la-rando-a-velo\\\/\",\"url\":\"https:\\\/\\\/www.tourisme-aventure.be\\\/en\\\/la-rando-a-velo\\\/\",\"name\":\"The 3 steps in cycling - Want asbl\",\"isPartOf\":{\"@id\":\"https:\\\/\\\/www.tourisme-aventure.be\\\/en\\\/#website\"},\"primaryImageOfPage\":{\"@id\":\"https:\\\/\\\/www.tourisme-aventure.be\\\/en\\\/la-rando-a-velo\\\/#primaryimage\"},\"image\":{\"@id\":\"https:\\\/\\\/www.tourisme-aventure.be\\\/en\\\/la-rando-a-velo\\\/#primaryimage\"},\"thumbnailUrl\":\"https:\\\/\\\/www.tourisme-aventure.be\\\/wp-content\\\/uploads\\\/2019\\\/08\\\/adventure-valley-want-asbl17.jpg\",\"datePublished\":\"2019-08-26T12:59:29+00:00\",\"dateModified\":\"2024-01-29T10:47:08+00:00\",\"author\":{\"@id\":\"https:\\\/\\\/www.tourisme-aventure.be\\\/en\\\/#\\\/schema\\\/person\\\/b6d5e7607dd83c7a97cf5178c058994b\"},\"description\":\"Il parait que le v\u00e9lo \u00e7a ne s'oublie pas ? \u00c0 chacun sa monture et tous en selle pour l'aventure \u00e0 deux roues en Wallonie.\",\"breadcrumb\":{\"@id\":\"https:\\\/\\\/www.tourisme-aventure.be\\\/en\\\/la-rando-a-velo\\\/#breadcrumb\"},\"inLanguage\":\"en-US\",\"potentialAction\":[{\"@type\":\"ReadAction\",\"target\":[\"https:\\\/\\\/www.tourisme-aventure.be\\\/en\\\/la-rando-a-velo\\\/\"]}]},{\"@type\":\"ImageObject\",\"inLanguage\":\"en-US\",\"@id\":\"https:\\\/\\\/www.tourisme-aventure.be\\\/en\\\/la-rando-a-velo\\\/#primaryimage\",\"url\":\"https:\\\/\\\/www.tourisme-aventure.be\\\/wp-content\\\/uploads\\\/2019\\\/08\\\/adventure-valley-want-asbl17.jpg\",\"contentUrl\":\"https:\\\/\\\/www.tourisme-aventure.be\\\/wp-content\\\/uploads\\\/2019\\\/08\\\/adventure-valley-want-asbl17.jpg\",\"width\":2000,\"height\":1324,\"caption\":\"Adventure Valley\"},{\"@type\":\"BreadcrumbList\",\"@id\":\"https:\\\/\\\/www.tourisme-aventure.be\\\/en\\\/la-rando-a-velo\\\/#breadcrumb\",\"itemListElement\":[{\"@type\":\"ListItem\",\"position\":1,\"name\":\"Accueil\",\"item\":\"https:\\\/\\\/www.tourisme-aventure.be\\\/en\\\/\"},{\"@type\":\"ListItem\",\"position\":2,\"name\":\"The 3 steps in cycling\"}]},{\"@type\":\"WebSite\",\"@id\":\"https:\\\/\\\/www.tourisme-aventure.be\\\/en\\\/#website\",\"url\":\"https:\\\/\\\/www.tourisme-aventure.be\\\/en\\\/\",\"name\":\"Want asbl\",\"description\":\"Wallonie Aventure Nature Tourisme\",\"potentialAction\":[{\"@type\":\"SearchAction\",\"target\":{\"@type\":\"EntryPoint\",\"urlTemplate\":\"https:\\\/\\\/www.tourisme-aventure.be\\\/en\\\/?s={search_term_string}\"},\"query-input\":{\"@type\":\"PropertyValueSpecification\",\"valueRequired\":true,\"valueName\":\"search_term_string\"}}],\"inLanguage\":\"en-US\"},{\"@type\":\"Person\",\"@id\":\"https:\\\/\\\/www.tourisme-aventure.be\\\/en\\\/#\\\/schema\\\/person\\\/b6d5e7607dd83c7a97cf5178c058994b\",\"name\":\"lws\",\"image\":{\"@type\":\"ImageObject\",\"inLanguage\":\"en-US\",\"@id\":\"https:\\\/\\\/secure.gravatar.com\\\/avatar\\\/12c2dd0b37974c0d7877716fe76c9f5c5566a31e94c1743036bba6b3d978648b?s=96&d=mm&r=g\",\"url\":\"https:\\\/\\\/secure.gravatar.com\\\/avatar\\\/12c2dd0b37974c0d7877716fe76c9f5c5566a31e94c1743036bba6b3d978648b?s=96&d=mm&r=g\",\"contentUrl\":\"https:\\\/\\\/secure.gravatar.com\\\/avatar\\\/12c2dd0b37974c0d7877716fe76c9f5c5566a31e94c1743036bba6b3d978648b?s=96&d=mm&r=g\",\"caption\":\"lws\"},\"url\":\"https:\\\/\\\/www.tourisme-aventure.be\\\/en\\\/author\\\/lws\\\/\"}]}<\/script>\n<!-- \/ Yoast SEO plugin. -->","yoast_head_json":{"title":"The 3 steps in cycling - Want asbl","description":"Il parait que le v\u00e9lo \u00e7a ne s'oublie pas ? \u00c0 chacun sa monture et tous en selle pour l'aventure \u00e0 deux roues en Wallonie.","robots":{"index":"index","follow":"follow","max-snippet":"max-snippet:-1","max-image-preview":"max-image-preview:large","max-video-preview":"max-video-preview:-1"},"canonical":"https:\/\/www.tourisme-aventure.be\/en\/la-rando-a-velo\/","twitter_card":"summary_large_image","twitter_title":"The 3 steps in cycling - Want asbl","twitter_description":"Il parait que le v\u00e9lo \u00e7a ne s'oublie pas ? \u00c0 chacun sa monture et tous en selle pour l'aventure \u00e0 deux roues en Wallonie.","twitter_image":"https:\/\/www.tourisme-aventure.be\/wp-content\/uploads\/2019\/08\/adventure-valley-want-asbl17.jpg","twitter_misc":{"Written by":"lws","Est. reading time":"1 minute"},"schema":{"@context":"https:\/\/schema.org","@graph":[{"@type":"Article","@id":"https:\/\/www.tourisme-aventure.be\/en\/la-rando-a-velo\/#article","isPartOf":{"@id":"https:\/\/www.tourisme-aventure.be\/en\/la-rando-a-velo\/"},"author":{"name":"lws","@id":"https:\/\/www.tourisme-aventure.be\/en\/#\/schema\/person\/b6d5e7607dd83c7a97cf5178c058994b"},"headline":"The 3 steps in cycling","datePublished":"2019-08-26T12:59:29+00:00","dateModified":"2024-01-29T10:47:08+00:00","mainEntityOfPage":{"@id":"https:\/\/www.tourisme-aventure.be\/en\/la-rando-a-velo\/"},"wordCount":140,"image":{"@id":"https:\/\/www.tourisme-aventure.be\/en\/la-rando-a-velo\/#primaryimage"},"thumbnailUrl":"https:\/\/www.tourisme-aventure.be\/wp-content\/uploads\/2019\/08\/adventure-valley-want-asbl17.jpg","articleSection":["Non classifi\u00e9(e)"],"inLanguage":"en-US"},{"@type":"WebPage","@id":"https:\/\/www.tourisme-aventure.be\/en\/la-rando-a-velo\/","url":"https:\/\/www.tourisme-aventure.be\/en\/la-rando-a-velo\/","name":"The 3 steps in cycling - Want asbl","isPartOf":{"@id":"https:\/\/www.tourisme-aventure.be\/en\/#website"},"primaryImageOfPage":{"@id":"https:\/\/www.tourisme-aventure.be\/en\/la-rando-a-velo\/#primaryimage"},"image":{"@id":"https:\/\/www.tourisme-aventure.be\/en\/la-rando-a-velo\/#primaryimage"},"thumbnailUrl":"https:\/\/www.tourisme-aventure.be\/wp-content\/uploads\/2019\/08\/adventure-valley-want-asbl17.jpg","datePublished":"2019-08-26T12:59:29+00:00","dateModified":"2024-01-29T10:47:08+00:00","author":{"@id":"https:\/\/www.tourisme-aventure.be\/en\/#\/schema\/person\/b6d5e7607dd83c7a97cf5178c058994b"},"description":"Il parait que le v\u00e9lo \u00e7a ne s'oublie pas ? \u00c0 chacun sa monture et tous en selle pour l'aventure \u00e0 deux roues en Wallonie.","breadcrumb":{"@id":"https:\/\/www.tourisme-aventure.be\/en\/la-rando-a-velo\/#breadcrumb"},"inLanguage":"en-US","potentialAction":[{"@type":"ReadAction","target":["https:\/\/www.tourisme-aventure.be\/en\/la-rando-a-velo\/"]}]},{"@type":"ImageObject","inLanguage":"en-US","@id":"https:\/\/www.tourisme-aventure.be\/en\/la-rando-a-velo\/#primaryimage","url":"https:\/\/www.tourisme-aventure.be\/wp-content\/uploads\/2019\/08\/adventure-valley-want-asbl17.jpg","contentUrl":"https:\/\/www.tourisme-aventure.be\/wp-content\/uploads\/2019\/08\/adventure-valley-want-asbl17.jpg","width":2000,"height":1324,"caption":"Adventure Valley"},{"@type":"BreadcrumbList","@id":"https:\/\/www.tourisme-aventure.be\/en\/la-rando-a-velo\/#breadcrumb","itemListElement":[{"@type":"ListItem","position":1,"name":"Accueil","item":"https:\/\/www.tourisme-aventure.be\/en\/"},{"@type":"ListItem","position":2,"name":"The 3 steps in cycling"}]},{"@type":"WebSite","@id":"https:\/\/www.tourisme-aventure.be\/en\/#website","url":"https:\/\/www.tourisme-aventure.be\/en\/","name":"Want asbl","description":"Wallonie Aventure Nature Tourisme","potentialAction":[{"@type":"SearchAction","target":{"@type":"EntryPoint","urlTemplate":"https:\/\/www.tourisme-aventure.be\/en\/?s={search_term_string}"},"query-input":{"@type":"PropertyValueSpecification","valueRequired":true,"valueName":"search_term_string"}}],"inLanguage":"en-US"},{"@type":"Person","@id":"https:\/\/www.tourisme-aventure.be\/en\/#\/schema\/person\/b6d5e7607dd83c7a97cf5178c058994b","name":"lws","image":{"@type":"ImageObject","inLanguage":"en-US","@id":"https:\/\/secure.gravatar.com\/avatar\/12c2dd0b37974c0d7877716fe76c9f5c5566a31e94c1743036bba6b3d978648b?s=96&d=mm&r=g","url":"https:\/\/secure.gravatar.com\/avatar\/12c2dd0b37974c0d7877716fe76c9f5c5566a31e94c1743036bba6b3d978648b?s=96&d=mm&r=g","contentUrl":"https:\/\/secure.gravatar.com\/avatar\/12c2dd0b37974c0d7877716fe76c9f5c5566a31e94c1743036bba6b3d978648b?s=96&d=mm&r=g","caption":"lws"},"url":"https:\/\/www.tourisme-aventure.be\/en\/author\/lws\/"}]}},"_links":{"self":[{"href":"https:\/\/www.tourisme-aventure.be\/en\/wp-json\/wp\/v2\/posts\/5800","targetHints":{"allow":["GET"]}}],"collection":[{"href":"https:\/\/www.tourisme-aventure.be\/en\/wp-json\/wp\/v2\/posts"}],"about":[{"href":"https:\/\/www.tourisme-aventure.be\/en\/wp-json\/wp\/v2\/types\/post"}],"author":[{"embeddable":true,"href":"https:\/\/www.tourisme-aventure.be\/en\/wp-json\/wp\/v2\/users\/1"}],"replies":[{"embeddable":true,"href":"https:\/\/www.tourisme-aventure.be\/en\/wp-json\/wp\/v2\/comments?post=5800"}],"version-history":[{"count":2,"href":"https:\/\/www.tourisme-aventure.be\/en\/wp-json\/wp\/v2\/posts\/5800\/revisions"}],"predecessor-version":[{"id":5802,"href":"https:\/\/www.tourisme-aventure.be\/en\/wp-json\/wp\/v2\/posts\/5800\/revisions\/5802"}],"wp:featuredmedia":[{"embeddable":true,"href":"https:\/\/www.tourisme-aventure.be\/en\/wp-json\/wp\/v2\/media\/3739"}],"wp:attachment":[{"href":"https:\/\/www.tourisme-aventure.be\/en\/wp-json\/wp\/v2\/media?parent=5800"}],"wp:term":[{"taxonomy":"category","embeddable":true,"href":"https:\/\/www.tourisme-aventure.be\/en\/wp-json\/wp\/v2\/categories?post=5800"},{"taxonomy":"post_tag","embeddable":true,"href":"https:\/\/www.tourisme-aventure.be\/en\/wp-json\/wp\/v2\/tags?post=5800"}],"curies":[{"name":"wp","href":"https:\/\/api.w.org\/{rel}","templated":true}]}}